{"id":199,"date":"2019-09-03T11:36:50","date_gmt":"2019-09-03T11:36:50","guid":{"rendered":"https:\/\/mojkovac.mojmail.me\/?p=199"},"modified":"2019-09-03T11:36:50","modified_gmt":"2019-09-03T11:36:50","slug":"realizacija-memoranduma-o-razumijevanju","status":"publish","type":"post","link":"https:\/\/dzmojkovac.me\/?p=199","title":{"rendered":"Realizacija memoranduma o razumijevanju"},"content":{"rendered":"<div>&nbsp;&nbsp;&nbsp;&nbsp; Javna zdravstvena ustanova Dom zdravlja Mojkovac je 28.12.2018 godine potpisala Memorandum o razumijevanju sa JU Centar za socijalni rad za op\u0161tine Mojkovac i Kola\u0161in.&nbsp;<\/div>\n<div>Cilj ove saradnje je zdravstvena kontrola korisnika Dnevnog boravka pri Centru za socijalni i organizova\u0107e se dva puta godi\u0161nje.<\/div>\n<p><!--more--><\/p>\n<div>&nbsp; &nbsp;<\/p>\n<div>&nbsp; U avgustu je organizovana prva posjeta, gdje je dr Mirjana Zindovi\u0107, specijalista klini\u010dke biohemije, sa svojim timom vr\u0161ila kontrolu glikemije i krvnog pritiska. Nakon izvr\u0161ene kontrole, korisnici su dobijali stru\u010dne savjete koliko je va\u017eno redovno uzimanje terapije i neophodnost redovnih kontola u zdravstvenim ustanovama.<\/div>\n<\/div>\n<div>&nbsp;<\/div>\n<div>&nbsp;<\/div>\n<div><img fetchpriority=\"high\" decoding=\"async\" class=\" size-full wp-image-198\" style=\"display: block; margin-left: auto; margin-right: auto;\" src=\"https:\/\/mojkovac.mojmail.me\/wp-content\/uploads\/2019\/09\/CENTAR_ZA_SOC_RAD-scaled.jpg\" alt=\"CENTAR ZA SOC RAD\" width=\"500\" height=\"889\" srcset=\"https:\/\/dzmojkovac.me\/wp-content\/uploads\/2019\/09\/CENTAR_ZA_SOC_RAD-scaled.jpg 1440w, https:\/\/dzmojkovac.me\/wp-content\/uploads\/2019\/09\/CENTAR_ZA_SOC_RAD-169x300.jpg 169w, https:\/\/dzmojkovac.me\/wp-content\/uploads\/2019\/09\/CENTAR_ZA_SOC_RAD-576x1024.jpg 576w, https:\/\/dzmojkovac.me\/wp-content\/uploads\/2019\/09\/CENTAR_ZA_SOC_RAD-768x1365.jpg 768w, https:\/\/dzmojkovac.me\/wp-content\/uploads\/2019\/09\/CENTAR_ZA_SOC_RAD-864x1536.jpg 864w, https:\/\/dzmojkovac.me\/wp-content\/uploads\/2019\/09\/CENTAR_ZA_SOC_RAD-1152x2048.jpg 1152w, https:\/\/dzmojkovac.me\/wp-content\/uploads\/2019\/09\/CENTAR_ZA_SOC_RAD-1568x2788.jpg 1568w\" sizes=\"(max-width: 500px) 100vw, 500px\" \/><\/div>\n","protected":false},"excerpt":{"rendered":"<p>&nbsp;&nbsp;&nbsp;&nbsp; Javna zdravstvena ustanova Dom zdravlja Mojkovac je 28.12.2018 godine potpisala Memorandum o razumijevanju sa JU Centar za socijalni rad za op\u0161tine Mojkovac i Kola\u0161in.&nbsp; Cilj ove saradnje je zdravstvena kontrola korisnika Dnevnog boravka pri Centru za socijalni i organizova\u0107e se dva puta godi\u0161nje.<\/p>\n","protected":false},"author":1,"featured_media":198,"comment_status":"open","ping_status":"open","sticky":false,"template":"","format":"standard","meta":{"footnotes":""},"categories":[2],"tags":[],"class_list":["post-199","post","type-post","status-publish","format-standard","has-post-thumbnail","hentry","category-uncategorised"],"_links":{"self":[{"href":"https:\/\/dzmojkovac.me\/index.php?rest_route=\/wp\/v2\/posts\/199","targetHints":{"allow":["GET"]}}],"collection":[{"href":"https:\/\/dzmojkovac.me\/index.php?rest_route=\/wp\/v2\/posts"}],"about":[{"href":"https:\/\/dzmojkovac.me\/index.php?rest_route=\/wp\/v2\/types\/post"}],"author":[{"embeddable":true,"href":"https:\/\/dzmojkovac.me\/index.php?rest_route=\/wp\/v2\/users\/1"}],"replies":[{"embeddable":true,"href":"https:\/\/dzmojkovac.me\/index.php?rest_route=%2Fwp%2Fv2%2Fcomments&post=199"}],"version-history":[{"count":0,"href":"https:\/\/dzmojkovac.me\/index.php?rest_route=\/wp\/v2\/posts\/199\/revisions"}],"wp:featuredmedia":[{"embeddable":true,"href":"https:\/\/dzmojkovac.me\/index.php?rest_route=\/wp\/v2\/media\/198"}],"wp:attachment":[{"href":"https:\/\/dzmojkovac.me\/index.php?rest_route=%2Fwp%2Fv2%2Fmedia&parent=199"}],"wp:term":[{"taxonomy":"category","embeddable":true,"href":"https:\/\/dzmojkovac.me\/index.php?rest_route=%2Fwp%2Fv2%2Fcategories&post=199"},{"taxonomy":"post_tag","embeddable":true,"href":"https:\/\/dzmojkovac.me\/index.php?rest_route=%2Fwp%2Fv2%2Ftags&post=199"}],"curies":[{"name":"wp","href":"https:\/\/api.w.org\/{rel}","templated":true}]}}