{"id":474,"date":"2020-08-22T08:32:51","date_gmt":"2020-08-22T08:32:51","guid":{"rendered":"https:\/\/mojkovac.mojmail.me\/?p=474"},"modified":"2020-08-22T08:32:51","modified_gmt":"2020-08-22T08:32:51","slug":"dom-zdravlja-mojkovac-dobio-sektorsku-sondu-za-kardioloske-pacijente","status":"publish","type":"post","link":"https:\/\/dzmojkovac.me\/?p=474","title":{"rendered":"Dom zdravlja Mojkovac dobio sektorsku sondu za kardiolo\u0161ke pacijente"},"content":{"rendered":"<div style=\"text-align: justify;\">Kompanija Merck donirala je Domu zdravlja Mojkovac sektorsku sondu \u010dija je vrijednost 10.000,00\u20ac<\/div>\n<p><!--more--><\/p>\n<div style=\"text-align: justify;\">koja \u0107e slu\u017eiti rentgen kabinetu za usluge kardiologa a koja \u0107e doprinijeti boljoj zdravstvenoj za\u0161titi gra\u0111ana Mojkovca.<\/p>\n<div style=\"text-align: justify;\">Sekretar Ministarstva zdravlja Nikola Antovi\u0107, u saop\u0161tenju navodi da je na ovaj na\u010din kompanija Merck iskazala humanost<\/p>\n<div style=\"text-align: justify;\">i po\u0161tovanje prema gra\u0111anima Mojkovca.&nbsp;<span style=\"background-color: inherit; color: inherit; font-family: inherit; font-size: 1rem;\">Tako\u0111e na sastanku je diskutovano o projektu Energetske efikasnosti koji u novom <\/span><\/p>\n<div style=\"text-align: justify;\"><span style=\"background-color: inherit; color: inherit; font-family: inherit; font-size: 1rem;\">ciklusu planira investicije u primarni nivo zdravstvene za\u0161tite, a za Dom zdravlja Mojkovac planirano je 220 hiljada eura.<\/span><\/p>\n<div style=\"text-align: justify;\"><span style=\"background-color: inherit; color: inherit; font-family: inherit; font-size: 1rem;\">&#8222;Sada dobijamo sektorsku sondu, koja \u0107e nam slu\u017eiti kao sredstvo za ulsuge kardiologa. To zna\u010di da \u0107emo imati ultrazvu\u010dne<\/span><\/p>\n<div style=\"text-align: justify;\"><span style=\"background-color: inherit; color: inherit; font-family: inherit; font-size: 1rem;\">preglede srca od strane kardiologa, koje \u0107emo uprili\u010diti u na\u0161em Domu zdravlja koi ina\u010de va\u017ei za jednu od bolje organizovanih<\/span><\/p>\n<div style=\"text-align: justify;\"><span style=\"background-color: inherit; color: inherit; font-family: inherit; font-size: 1rem;\">zdravstvenih ustanova na primarnom nivou na sjeveru Crne Gore.&#8220;-istakla je direktorica Ikonija Mini\u0107.<\/span><\/div>\n<\/div>\n<\/div>\n<\/div>\n<\/div>\n<\/div>\n<\/div>\n","protected":false},"excerpt":{"rendered":"<p>Kompanija Merck donirala je Domu zdravlja Mojkovac sektorsku sondu \u010dija je vrijednost 10.000,00\u20ac<\/p>\n","protected":false},"author":1,"featured_media":2940,"comment_status":"open","ping_status":"open","sticky":false,"template":"","format":"standard","meta":{"footnotes":""},"categories":[2],"tags":[],"class_list":["post-474","post","type-post","status-publish","format-standard","has-post-thumbnail","hentry","category-uncategorised"],"_links":{"self":[{"href":"https:\/\/dzmojkovac.me\/index.php?rest_route=\/wp\/v2\/posts\/474","targetHints":{"allow":["GET"]}}],"collection":[{"href":"https:\/\/dzmojkovac.me\/index.php?rest_route=\/wp\/v2\/posts"}],"about":[{"href":"https:\/\/dzmojkovac.me\/index.php?rest_route=\/wp\/v2\/types\/post"}],"author":[{"embeddable":true,"href":"https:\/\/dzmojkovac.me\/index.php?rest_route=\/wp\/v2\/users\/1"}],"replies":[{"embeddable":true,"href":"https:\/\/dzmojkovac.me\/index.php?rest_route=%2Fwp%2Fv2%2Fcomments&post=474"}],"version-history":[{"count":0,"href":"https:\/\/dzmojkovac.me\/index.php?rest_route=\/wp\/v2\/posts\/474\/revisions"}],"wp:featuredmedia":[{"embeddable":true,"href":"https:\/\/dzmojkovac.me\/index.php?rest_route=\/wp\/v2\/media\/2940"}],"wp:attachment":[{"href":"https:\/\/dzmojkovac.me\/index.php?rest_route=%2Fwp%2Fv2%2Fmedia&parent=474"}],"wp:term":[{"taxonomy":"category","embeddable":true,"href":"https:\/\/dzmojkovac.me\/index.php?rest_route=%2Fwp%2Fv2%2Fcategories&post=474"},{"taxonomy":"post_tag","embeddable":true,"href":"https:\/\/dzmojkovac.me\/index.php?rest_route=%2Fwp%2Fv2%2Ftags&post=474"}],"curies":[{"name":"wp","href":"https:\/\/api.w.org\/{rel}","templated":true}]}}